{"id":543,"date":"2015-04-28T01:12:39","date_gmt":"2015-04-28T01:12:39","guid":{"rendered":"http:\/\/mariafr.uy\/?p=543"},"modified":"2016-03-25T01:15:56","modified_gmt":"2016-03-25T01:15:56","slug":"los-elegidos","status":"publish","type":"post","link":"https:\/\/mariafr.uy\/index.php\/2015\/04\/28\/los-elegidos\/","title":{"rendered":"Los Elegidos"},"content":{"rendered":"<p><!--more--><\/p>\n<p><b>Descripci\u00f3n:<\/b>\u00a0Dise\u00f1o gr\u00e1fico y fotograf\u00eda para la obra teatral \u201cLos Elegidos\u201d<br \/>\n<b>Cliente final: <\/b>Alianza Uruguay-EEUU y MedioMundo Gesti\u00f3n Cultural<br \/>\n<b>Empresa:<\/b> Trabajo <i>freelance<\/i><\/p>\n<hr \/>\n<p><i>[print_gllr id=544]<\/i><\/p>\n","protected":false},"excerpt":{"rendered":"","protected":false},"author":1,"featured_media":545,"comment_status":"closed","ping_status":"closed","sticky":false,"template":"","format":"standard","meta":{"footnotes":""},"categories":[4,12],"tags":[16,15,14],"class_list":["post-543","post","type-post","status-publish","format-standard","has-post-thumbnail","hentry","category-fotografia","category-grafica-publicitaria","tag-cultura","tag-espectaculos","tag-teatro"],"_links":{"self":[{"href":"https:\/\/mariafr.uy\/index.php\/wp-json\/wp\/v2\/posts\/543","targetHints":{"allow":["GET"]}}],"collection":[{"href":"https:\/\/mariafr.uy\/index.php\/wp-json\/wp\/v2\/posts"}],"about":[{"href":"https:\/\/mariafr.uy\/index.php\/wp-json\/wp\/v2\/types\/post"}],"author":[{"embeddable":true,"href":"https:\/\/mariafr.uy\/index.php\/wp-json\/wp\/v2\/users\/1"}],"replies":[{"embeddable":true,"href":"https:\/\/mariafr.uy\/index.php\/wp-json\/wp\/v2\/comments?post=543"}],"version-history":[{"count":1,"href":"https:\/\/mariafr.uy\/index.php\/wp-json\/wp\/v2\/posts\/543\/revisions"}],"predecessor-version":[{"id":546,"href":"https:\/\/mariafr.uy\/index.php\/wp-json\/wp\/v2\/posts\/543\/revisions\/546"}],"wp:featuredmedia":[{"embeddable":true,"href":"https:\/\/mariafr.uy\/index.php\/wp-json\/wp\/v2\/media\/545"}],"wp:attachment":[{"href":"https:\/\/mariafr.uy\/index.php\/wp-json\/wp\/v2\/media?parent=543"}],"wp:term":[{"taxonomy":"category","embeddable":true,"href":"https:\/\/mariafr.uy\/index.php\/wp-json\/wp\/v2\/categories?post=543"},{"taxonomy":"post_tag","embeddable":true,"href":"https:\/\/mariafr.uy\/index.php\/wp-json\/wp\/v2\/tags?post=543"}],"curies":[{"name":"wp","href":"https:\/\/api.w.org\/{rel}","templated":true}]}}