{"id":380,"date":"2015-06-22T00:28:38","date_gmt":"2015-06-22T00:28:38","guid":{"rendered":"http:\/\/mariafr.uy\/?p=380"},"modified":"2016-03-25T00:48:41","modified_gmt":"2016-03-25T00:48:41","slug":"anina","status":"publish","type":"post","link":"https:\/\/mariafr.uy\/index.php\/2015\/06\/22\/anina\/","title":{"rendered":"Anina"},"content":{"rendered":"<p><!--more--><\/p>\n<p><b>Descripci\u00f3n:<\/b>\u00a0Dise\u00f1o gr\u00e1fico y fotograf\u00eda para la obra teatral \u201cAnina\u201d<br \/>\n<b>Cliente final: <\/b>Alianza Uruguay-EEUU y MedioMundo Gesti\u00f3n Cultural<br \/>\n<b>Empresa:<\/b> Trabajo <i>freelance<\/i><\/p>\n<hr \/>\n<p><i>[print_gllr id=379]<\/i><\/p>\n","protected":false},"excerpt":{"rendered":"","protected":false},"author":1,"featured_media":381,"comment_status":"closed","ping_status":"closed","sticky":false,"template":"","format":"standard","meta":{"footnotes":""},"categories":[4,12],"tags":[16,15,14],"class_list":["post-380","post","type-post","status-publish","format-standard","has-post-thumbnail","hentry","category-fotografia","category-grafica-publicitaria","tag-cultura","tag-espectaculos","tag-teatro"],"_links":{"self":[{"href":"https:\/\/mariafr.uy\/index.php\/wp-json\/wp\/v2\/posts\/380","targetHints":{"allow":["GET"]}}],"collection":[{"href":"https:\/\/mariafr.uy\/index.php\/wp-json\/wp\/v2\/posts"}],"about":[{"href":"https:\/\/mariafr.uy\/index.php\/wp-json\/wp\/v2\/types\/post"}],"author":[{"embeddable":true,"href":"https:\/\/mariafr.uy\/index.php\/wp-json\/wp\/v2\/users\/1"}],"replies":[{"embeddable":true,"href":"https:\/\/mariafr.uy\/index.php\/wp-json\/wp\/v2\/comments?post=380"}],"version-history":[{"count":1,"href":"https:\/\/mariafr.uy\/index.php\/wp-json\/wp\/v2\/posts\/380\/revisions"}],"predecessor-version":[{"id":400,"href":"https:\/\/mariafr.uy\/index.php\/wp-json\/wp\/v2\/posts\/380\/revisions\/400"}],"wp:featuredmedia":[{"embeddable":true,"href":"https:\/\/mariafr.uy\/index.php\/wp-json\/wp\/v2\/media\/381"}],"wp:attachment":[{"href":"https:\/\/mariafr.uy\/index.php\/wp-json\/wp\/v2\/media?parent=380"}],"wp:term":[{"taxonomy":"category","embeddable":true,"href":"https:\/\/mariafr.uy\/index.php\/wp-json\/wp\/v2\/categories?post=380"},{"taxonomy":"post_tag","embeddable":true,"href":"https:\/\/mariafr.uy\/index.php\/wp-json\/wp\/v2\/tags?post=380"}],"curies":[{"name":"wp","href":"https:\/\/api.w.org\/{rel}","templated":true}]}}