{"id":139,"date":"2013-11-30T03:07:25","date_gmt":"2013-11-30T03:07:25","guid":{"rendered":"http:\/\/mariafr.uy\/2016\/?p=139"},"modified":"2016-03-24T21:49:33","modified_gmt":"2016-03-24T21:49:33","slug":"paco-de-lucia","status":"publish","type":"post","link":"https:\/\/mariafr.uy\/index.php\/2013\/11\/30\/paco-de-lucia\/","title":{"rendered":"Paco de Luc\u00eda"},"content":{"rendered":"<p><!--more--><\/p>\n<div class=\"separator\"><b>Descripci\u00f3n:<\/b> Gr\u00e1fica para espect\u00e1culo de Paco de Luc\u00eda<\/div>\n<div class=\"separator\"><b>Cliente final:<\/b> Espacio Cultural Federico Garc\u00eda Lorca<\/div>\n<div class=\"separator\"><b>Empresa: <\/b>Trabajo <i>freelance<\/i><\/div>\n","protected":false},"excerpt":{"rendered":"","protected":false},"author":1,"featured_media":140,"comment_status":"closed","ping_status":"closed","sticky":false,"template":"","format":"standard","meta":{"footnotes":""},"categories":[12],"tags":[16,15,17],"class_list":["post-139","post","type-post","status-publish","format-standard","has-post-thumbnail","hentry","category-grafica-publicitaria","tag-cultura","tag-espectaculos","tag-eventos"],"_links":{"self":[{"href":"https:\/\/mariafr.uy\/index.php\/wp-json\/wp\/v2\/posts\/139","targetHints":{"allow":["GET"]}}],"collection":[{"href":"https:\/\/mariafr.uy\/index.php\/wp-json\/wp\/v2\/posts"}],"about":[{"href":"https:\/\/mariafr.uy\/index.php\/wp-json\/wp\/v2\/types\/post"}],"author":[{"embeddable":true,"href":"https:\/\/mariafr.uy\/index.php\/wp-json\/wp\/v2\/users\/1"}],"replies":[{"embeddable":true,"href":"https:\/\/mariafr.uy\/index.php\/wp-json\/wp\/v2\/comments?post=139"}],"version-history":[{"count":1,"href":"https:\/\/mariafr.uy\/index.php\/wp-json\/wp\/v2\/posts\/139\/revisions"}],"predecessor-version":[{"id":141,"href":"https:\/\/mariafr.uy\/index.php\/wp-json\/wp\/v2\/posts\/139\/revisions\/141"}],"wp:featuredmedia":[{"embeddable":true,"href":"https:\/\/mariafr.uy\/index.php\/wp-json\/wp\/v2\/media\/140"}],"wp:attachment":[{"href":"https:\/\/mariafr.uy\/index.php\/wp-json\/wp\/v2\/media?parent=139"}],"wp:term":[{"taxonomy":"category","embeddable":true,"href":"https:\/\/mariafr.uy\/index.php\/wp-json\/wp\/v2\/categories?post=139"},{"taxonomy":"post_tag","embeddable":true,"href":"https:\/\/mariafr.uy\/index.php\/wp-json\/wp\/v2\/tags?post=139"}],"curies":[{"name":"wp","href":"https:\/\/api.w.org\/{rel}","templated":true}]}}